{"id":7067,"date":"2026-08-03T12:00:33","date_gmt":"2026-08-03T10:00:33","guid":{"rendered":"https:\/\/www.petrborecky.cz\/?p=7067"},"modified":"2026-08-03T09:42:00","modified_gmt":"2026-08-03T07:42:00","slug":"historicky-prvni-brnenske-hody-jsou-tady","status":"publish","type":"post","link":"https:\/\/www.petrborecky.cz\/index.php\/2026\/08\/03\/historicky-prvni-brnenske-hody-jsou-tady\/","title":{"rendered":"Historicky prvn\u00ed Brn\u011bnsk\u00e9 hody jsou tady"},"content":{"rendered":"<div class=\"qMYqUG_convSearchResultHighlightRoot\">\n<div class=\"\" data-turn-id-container=\"request-69c4e2ff-bb88-838c-ae07-3b8f95efad89-3\" data-is-intersecting=\"true\">\n<section class=\"text-token-text-primary w-full focus:outline-none has-data-writing-block:pointer-events-none [&amp;:has([data-writing-block])&gt;*]:pointer-events-auto R6Vx5W_threadScrollVars scroll-mb-[calc(var(--scroll-root-safe-area-inset-bottom,0px)+var(--thread-response-height))] scroll-mt-[calc(var(--header-height)+min(200px,max(70px,20svh)))]\" dir=\"auto\" data-turn-id=\"request-69c4e2ff-bb88-838c-ae07-3b8f95efad89-3\" data-turn-id-container=\"request-69c4e2ff-bb88-838c-ae07-3b8f95efad89-3\" data-testid=\"conversation-turn-430\" data-turn=\"assistant\">\n<div class=\"text-base my-auto mx-auto pb-8 [--thread-content-margin:var(--thread-content-margin-xs,calc(var(--spacing)*4))] @w-sm\/main:[--thread-content-margin:var(--thread-content-margin-sm,calc(var(--spacing)*6))] @w-lg\/main:[--thread-content-margin:var(--thread-content-margin-lg,calc(var(--spacing)*16))] px-(--thread-content-margin)\">\n<div class=\"[--thread-content-max-width:40rem] @w-lg\/main:[--thread-content-max-width:48rem] mx-auto max-w-(--thread-content-max-width) flex-1 group\/turn-messages focus-visible:outline-hidden relative flex w-full min-w-0 flex-col agent-turn\" data-conversation-screenshot-content=\"\">\n<div class=\"flex max-w-full flex-col gap-4 grow\">\n<div class=\"min-h-8 text-message relative flex w-full flex-col items-end gap-2 text-start break-words whitespace-normal outline-none keyboard-focused:focus-ring [.text-message+&amp;]:mt-1\" dir=\"auto\" tabindex=\"0\" data-message-author-role=\"assistant\" data-message-id=\"6fe7c60a-1f01-4837-b57a-9385db7c70b7\" data-message-model-slug=\"gpt-5-5\" data-turn-start-message=\"true\">\n<div class=\"flex w-full flex-col gap-1 empty:hidden\">\n<div class=\"markdown prose dark:prose-invert wrap-break-word w-full light markdown-new-styling\">\n<p class=\"\" data-start=\"34\" data-end=\"423\">Po v\u00edce ne\u017e roce p\u0159\u00edprav je to tady. U\u017e <strong data-start=\"74\" data-end=\"94\">14. a\u017e 16. srpna<\/strong> se n\u00e1m\u011bst\u00ed Svobody prom\u011bn\u00ed v m\u00edsto, kde se poprv\u00e9 v historii potkaj\u00ed chasy z <strong data-start=\"172\" data-end=\"205\">23 brn\u011bnsk\u00fdch m\u011bstsk\u00fdch \u010d\u00e1st\u00ed<\/strong>. Brn\u011bnsk\u00e9 hody navazuj\u00ed na \u00fasp\u011b\u0161n\u00fd projekt participativn\u00edho rozpo\u010dtu <strong data-start=\"275\" data-end=\"301\">Obnova tradic Brn\u011bnska<\/strong>, d\u00edky kter\u00e9mu se poda\u0159ilo obnovit historick\u00e9 kroje i \u0159adu m\u00edstn\u00edch hodov\u00fdch tradic.<\/p>\n<p data-start=\"425\" data-end=\"823\">M\u00e1m obrovskou radost, \u017ee se z p\u016fvodn\u00edho n\u00e1padu n\u011bkolika nad\u0161enc\u016f poda\u0159ilo vytvo\u0159it akci celom\u011bstsk\u00e9ho v\u00fdznamu. Na jednom m\u00edst\u011b se p\u0159edstav\u00ed v\u00edce ne\u017e <strong data-start=\"574\" data-end=\"593\">250 krojovan\u00fdch<\/strong> a ka\u017ed\u00e1 m\u011bstsk\u00e1 \u010d\u00e1st p\u0159iveze do centra Brna kus sv\u00e9 historie, tradic i jedine\u010dn\u00e9 atmosf\u00e9ry. P\u0159esn\u011b o tom Brn\u011bnsk\u00e9 hody jsou. O setk\u00e1v\u00e1n\u00ed lid\u00ed, p\u0159ed\u00e1v\u00e1n\u00ed tradic a hrdosti na m\u00edsto, kde \u017eijeme.<\/p>\n<h2 data-section-id=\"gzfqb8\" data-start=\"825\" data-end=\"850\">Na co se m\u016f\u017eete t\u011b\u0161it?<\/h2>\n<h3 data-section-id=\"1q4zcig\" data-start=\"852\" data-end=\"871\">P\u00e1tek 14. srpna<\/h3>\n<ul data-start=\"872\" data-end=\"993\">\n<li data-section-id=\"4f2po0\" data-start=\"872\" data-end=\"922\">13:00\u201318:00 p\u0159\u00edprava a ru\u010dn\u00ed stav\u011bn\u00ed hodov\u00e9 m\u00e1je<\/li>\n<li data-section-id=\"1594pc5\" data-start=\"923\" data-end=\"960\">15:00\u201318:30 cimb\u00e1lov\u00e1 muzika J\u00e1noch<\/li>\n<li data-section-id=\"odj104\" data-start=\"961\" data-end=\"993\">19:00\u201320:00 koncert Cimballica<\/li>\n<\/ul>\n<h3 data-section-id=\"1bgk052\" data-start=\"995\" data-end=\"1015\">Sobota 15. srpna<\/h3>\n<ul data-start=\"1016\" data-end=\"1256\">\n<li data-section-id=\"55xdb9\" data-start=\"1016\" data-end=\"1070\">13:00\u201313:30 vyzvednut\u00ed hlavn\u00ed st\u00e1rky na Nov\u00e9 radnici<\/li>\n<li data-section-id=\"1r5co99\" data-start=\"1071\" data-end=\"1125\">13:30\u201315:00 slavnostn\u00ed krojovan\u00fd pr\u016fvod centrem Brna<\/li>\n<li data-section-id=\"888xf9\" data-start=\"1126\" data-end=\"1162\">15:00\u201315:15 p\u0159ed\u00e1n\u00ed hodov\u00e9ho pr\u00e1va<\/li>\n<li data-section-id=\"u3zf01\" data-start=\"1163\" data-end=\"1201\">15:15\u201316:00 spole\u010dn\u00e1 Moravsk\u00e1 beseda<\/li>\n<li data-section-id=\"1dzpr2c\" data-start=\"1202\" data-end=\"1256\">16:00\u201322:00 hodov\u00e1 z\u00e1bava s dechovou hudbou Zla\u0165anka<\/li>\n<\/ul>\n<h3 data-section-id=\"e5gkzw\" data-start=\"1258\" data-end=\"1278\">Ned\u011ble 16. srpna<\/h3>\n<ul data-start=\"1279\" data-end=\"1424\">\n<li data-section-id=\"7mr6gi\" data-start=\"1279\" data-end=\"1424\">11:00 slavnostn\u00ed bohoslu\u017eba v bazilice Nanebevzet\u00ed Panny Marie na Mendlov\u011b n\u00e1m\u011bst\u00ed za \u00fa\u010dasti krojovan\u00fdch.<\/li>\n<\/ul>\n<p data-start=\"1426\" data-end=\"1625\">Program je po cel\u00fd v\u00edkend <strong data-start=\"1452\" data-end=\"1462\">zdarma<\/strong> a je ur\u010den\u00fd pro v\u0161echny generace. P\u0159ij\u010fte se pod\u00edvat na jedine\u010dnou p\u0159ehl\u00eddku brn\u011bnsk\u00fdch kroj\u016f, u\u017e\u00edt si folklor, hudbu i atmosf\u00e9ru hod\u016f p\u0159\u00edmo v srdci na\u0161eho m\u011bsta.<\/p>\n<p data-start=\"1627\" data-end=\"1688\">\ud83d\udccd <strong data-start=\"1630\" data-end=\"1652\">Kompletn\u00ed program:<\/strong> <a class=\"decorated-link\" href=\"https:\/\/www.brno.cz\/w\/brnenske-hody\" target=\"_new\" rel=\"noopener\" data-start=\"1653\" data-end=\"1688\">https:\/\/www.brno.cz\/w\/brnenske-hody<\/a><\/p>\n<p data-start=\"1690\" data-end=\"1743\" data-is-last-node=\"\" data-is-only-node=\"\">\ud83d\udcf1 <strong data-start=\"1693\" data-end=\"1717\">Facebookov\u00e1 ud\u00e1lost:<\/strong> <a class=\"decorated-link\" href=\"https:\/\/fb.me\/e\/6aEAvqO5Q\" target=\"_new\" rel=\"noopener\" data-start=\"1718\" data-end=\"1743\" data-is-last-node=\"\">https:\/\/fb.me\/e\/6aEAvqO5Q<\/a><\/p>\n<\/div>\n<\/div>\n<\/div>\n<\/div>\n<\/div>\n<\/div>\n<\/section>\n<\/div>\n<\/div>\n<p><img decoding=\"async\" class=\"lazyload alignnone wp-image-7069 size-large\" src=\"https:\/\/www.petrborecky.cz\/wp-content\/uploads\/2026\/08\/Brnenske-hody-2026-724x1024.png\" data-orig-src=\"https:\/\/www.petrborecky.cz\/wp-content\/uploads\/2026\/08\/Brnenske-hody-2026-724x1024.png\" alt=\"\" width=\"724\" height=\"1024\" srcset=\"data:image\/svg+xml,%3Csvg%20xmlns%3D%27http%3A%2F%2Fwww.w3.org%2F2000%2Fsvg%27%20width%3D%27724%27%20height%3D%271024%27%20viewBox%3D%270%200%20724%201024%27%3E%3Crect%20width%3D%27724%27%20height%3D%271024%27%20fill-opacity%3D%220%22%2F%3E%3C%2Fsvg%3E\" data-srcset=\"https:\/\/www.petrborecky.cz\/wp-content\/uploads\/2026\/08\/Brnenske-hody-2026-200x283.png 200w, https:\/\/www.petrborecky.cz\/wp-content\/uploads\/2026\/08\/Brnenske-hody-2026-212x300.png 212w, https:\/\/www.petrborecky.cz\/wp-content\/uploads\/2026\/08\/Brnenske-hody-2026-400x566.png 400w, https:\/\/www.petrborecky.cz\/wp-content\/uploads\/2026\/08\/Brnenske-hody-2026-600x849.png 600w, https:\/\/www.petrborecky.cz\/wp-content\/uploads\/2026\/08\/Brnenske-hody-2026-724x1024.png 724w, https:\/\/www.petrborecky.cz\/wp-content\/uploads\/2026\/08\/Brnenske-hody-2026-768x1086.png 768w, https:\/\/www.petrborecky.cz\/wp-content\/uploads\/2026\/08\/Brnenske-hody-2026-800x1132.png 800w, https:\/\/www.petrborecky.cz\/wp-content\/uploads\/2026\/08\/Brnenske-hody-2026-1086x1536.png 1086w, https:\/\/www.petrborecky.cz\/wp-content\/uploads\/2026\/08\/Brnenske-hody-2026-1200x1697.png 1200w, https:\/\/www.petrborecky.cz\/wp-content\/uploads\/2026\/08\/Brnenske-hody-2026.png 1414w\" data-sizes=\"auto\" data-orig-sizes=\"(max-width: 724px) 100vw, 724px\" \/><\/p>\n","protected":false},"excerpt":{"rendered":"<p>Po v\u00edce ne\u017e roce p\u0159\u00edprav je to tady. U\u017e 14. a\u017e 16. srpna se n\u00e1m\u011bst\u00ed Svobody prom\u011bn\u00ed v m\u00edsto, kde se poprv\u00e9 v historii potkaj\u00ed chasy z 23 brn\u011bnsk\u00fdch m\u011bstsk\u00fdch \u010d\u00e1st\u00ed. Brn\u011bnsk\u00e9 hody navazuj\u00ed na \u00fasp\u011b\u0161n\u00fd projekt participativn\u00edho rozpo\u010dtu Obnova tradic Brn\u011bnska, d\u00edky kter\u00e9mu se poda\u0159ilo obnovit historick\u00e9 kroje i \u0159adu m\u00edstn\u00edch hodov\u00fdch tradic. M\u00e1m<\/p>\n","protected":false},"author":6,"featured_media":7068,"comment_status":"open","ping_status":"open","sticky":false,"template":"","format":"standard","meta":{"footnotes":""},"categories":[5,43],"tags":[],"class_list":["post-7067","post","type-post","status-publish","format-standard","has-post-thumbnail","hentry","category-novinky","category-brno"],"_links":{"self":[{"href":"https:\/\/www.petrborecky.cz\/index.php\/wp-json\/wp\/v2\/posts\/7067","targetHints":{"allow":["GET"]}}],"collection":[{"href":"https:\/\/www.petrborecky.cz\/index.php\/wp-json\/wp\/v2\/posts"}],"about":[{"href":"https:\/\/www.petrborecky.cz\/index.php\/wp-json\/wp\/v2\/types\/post"}],"author":[{"embeddable":true,"href":"https:\/\/www.petrborecky.cz\/index.php\/wp-json\/wp\/v2\/users\/6"}],"replies":[{"embeddable":true,"href":"https:\/\/www.petrborecky.cz\/index.php\/wp-json\/wp\/v2\/comments?post=7067"}],"version-history":[{"count":3,"href":"https:\/\/www.petrborecky.cz\/index.php\/wp-json\/wp\/v2\/posts\/7067\/revisions"}],"predecessor-version":[{"id":7072,"href":"https:\/\/www.petrborecky.cz\/index.php\/wp-json\/wp\/v2\/posts\/7067\/revisions\/7072"}],"wp:featuredmedia":[{"embeddable":true,"href":"https:\/\/www.petrborecky.cz\/index.php\/wp-json\/wp\/v2\/media\/7068"}],"wp:attachment":[{"href":"https:\/\/www.petrborecky.cz\/index.php\/wp-json\/wp\/v2\/media?parent=7067"}],"wp:term":[{"taxonomy":"category","embeddable":true,"href":"https:\/\/www.petrborecky.cz\/index.php\/wp-json\/wp\/v2\/categories?post=7067"},{"taxonomy":"post_tag","embeddable":true,"href":"https:\/\/www.petrborecky.cz\/index.php\/wp-json\/wp\/v2\/tags?post=7067"}],"curies":[{"name":"wp","href":"https:\/\/api.w.org\/{rel}","templated":true}]}}