{"id":7075,"date":"2026-08-17T09:00:44","date_gmt":"2026-08-17T07:00:44","guid":{"rendered":"https:\/\/www.petrborecky.cz\/?p=7075"},"modified":"2026-08-17T17:10:14","modified_gmt":"2026-08-17T15:10:14","slug":"brno-zazilo-nejvetsi-folklorni-udalost-ve-sve-historii-prvni-brnenske-hody-spojily-23-mestskych-casti","status":"publish","type":"post","link":"https:\/\/www.petrborecky.cz\/index.php\/2026\/08\/17\/brno-zazilo-nejvetsi-folklorni-udalost-ve-sve-historii-prvni-brnenske-hody-spojily-23-mestskych-casti\/","title":{"rendered":"Brno za\u017eilo nejv\u011bt\u0161\u00ed folklorn\u00ed ud\u00e1lost ve sv\u00e9 historii. Prvn\u00ed Brn\u011bnsk\u00e9 hody spojily 23 m\u011bstsk\u00fdch \u010d\u00e1st\u00ed"},"content":{"rendered":"<p><strong>T\u0159iadvacet m\u011bstsk\u00fdch \u010d\u00e1st\u00ed, v\u00edce ne\u017e 250 krojovan\u00fdch, spole\u010dn\u00fd pr\u016fvod centrem m\u011bsta, Moravsk\u00e1 beseda pod m\u00e1jou na n\u00e1m\u011bst\u00ed Svobody a t\u0159i dny pln\u00e9 muziky, tance a tradic. Historicky prvn\u00ed Brn\u011bnsk\u00e9 hody uk\u00e1zaly n\u011bco, co jsme dosud nem\u011bli mo\u017enost vid\u011bt: jak neuv\u011b\u0159iteln\u011b pestr\u00e9 jsou tradice jednotliv\u00fdch \u010d\u00e1st\u00ed Brna, kdy\u017e je dostaneme na jedno m\u00edsto.<\/strong><\/p>\n<p>O v\u00edkendu 14. a\u017e 16. srpna se centrum Brna prom\u011bnilo k nepozn\u00e1n\u00ed. Na n\u00e1m\u011bst\u00ed Svobody vyrostla hodov\u00e1 m\u00e1ja, ulicemi pro\u0161el dlouh\u00fd pr\u016fvod krojovan\u00fdch a p\u0159\u00edmo v srdci m\u011bsta se potkaly chasy prakticky ze v\u0161ech kout\u016f Brna. Kdy\u017e jsme Brn\u011bnsk\u00e9 hody za\u010dali p\u0159ipravovat, pr\u00e1v\u011b tohle byla hlavn\u00ed my\u0161lenka. Neud\u011blat dal\u0161\u00ed folklorn\u00ed festival, ale <strong>skute\u010dn\u00e9 hody cel\u00e9ho Brna<\/strong>. Jednou za rok spojit chasy, kter\u00e9 po cel\u00fd rok udr\u017euj\u00ed tradice ve sv\u00fdch m\u011bstsk\u00fdch \u010d\u00e1stech, a uk\u00e1zat je spole\u010dn\u011b cel\u00e9mu m\u011bstu. Prvn\u00ed ro\u010dn\u00edk nakonec sv\u00fdm rozsahem p\u0159ed\u010dil moje o\u010dek\u00e1v\u00e1n\u00ed.<\/p>\n<h3>23 m\u011bstsk\u00fdch \u010d\u00e1st\u00ed na jednom m\u00edst\u011b<\/h3>\n<p>Na Brn\u011bnsk\u00fdch hodech je toti\u017e nejzaj\u00edmav\u011bj\u0161\u00ed pr\u00e1v\u011b jejich unik\u00e1tn\u00ed koncept. Brno tvo\u0159\u00ed 29 m\u011bstsk\u00fdch \u010d\u00e1st\u00ed a mnoho z nich b\u00fdvalo samostatn\u00fdmi obcemi. Dodnes maj\u00ed svoji vlastn\u00ed historii, m\u00edstn\u00ed identitu, hody, zvyky a v \u0159ad\u011b p\u0159\u00edpad\u016f tak\u00e9 vlastn\u00ed podobu kroje. A pr\u00e1v\u011b tyto rozd\u00edln\u00e9 tradice se b\u011bhem jednoho v\u00edkendu potkaly v centru jednoho m\u011bsta.<\/p>\n<p>Do prvn\u00edch Brn\u011bnsk\u00fdch hod\u016f se zapojily chasy z <strong>23 m\u011bstsk\u00fdch \u010d\u00e1st\u00ed<\/strong>. Bosonohy, Bohunice, \u010cernovice, Chrlice, Ivanovice, Jehnice, Kohoutovice, Kom\u00edn, Kr\u00e1lovo Pole, Kn\u00edni\u010dky, L\u00ed\u0161e\u0148, Malom\u011b\u0159ice a Ob\u0159any, Medl\u00e1nky, Nov\u00fd L\u00edskovec, \u0158e\u010dkovice a Mokr\u00e1 Hora, Slatina, Star\u00fd L\u00edskovec, Tu\u0159any, Vinohrady, \u017dabov\u0159esky, \u017deb\u011bt\u00edn i \u017didenice. V\u00edce ne\u017e 250 krojovan\u00fdch tak spole\u010dn\u011b reprezentovalo v\u011bt\u0161inu m\u011bstsk\u00fdch \u010d\u00e1st\u00ed\u00a0 z Brna. <strong>Pr\u00e1v\u011b t\u00edm jsou Brn\u011bnsk\u00e9 hody v\u00fdjime\u010dn\u00e9. Nejde o jednu obec, jeden soubor nebo jeden typ kroje. Na jednom m\u00edst\u011b se potk\u00e1v\u00e1 r\u016fznorodost cel\u00e9ho m\u011bsta.<\/strong><\/p>\n<h3>Kdy\u017e se ze Svobo\u010f\u00e1ku stane hodov\u00e9 n\u00e1m\u011bst\u00ed<\/h3>\n<p>Hody za\u010daly u\u017e v p\u00e1tek. P\u0159\u00edmo na n\u00e1m\u011bst\u00ed Svobody jsme ru\u010dn\u011b postavili hodovou m\u00e1ju. Bez je\u0159\u00e1bu, klasick\u00fdm zp\u016fsobem. Do toho hr\u00e1la cimb\u00e1lov\u00e1 muzika J\u00e1noch a ve\u010der Cimballica. Byl to mo\u017en\u00e1 trochu nezvykl\u00fd pohled. Tramvaje, historick\u00e9 centrum, lid\u00e9 vracej\u00edc\u00ed se z pr\u00e1ce a mezi t\u00edm v\u0161\u00edm vysok\u00e1 hodov\u00e1 m\u00e1ja, cimb\u00e1l a prvn\u00ed krojovan\u00ed. Ale pr\u00e1v\u011b to se mi na cel\u00e9m konceptu l\u00edb\u00ed. <strong>Tradice podle m\u011b nemaj\u00ed b\u00fdt zav\u0159en\u00e9 n\u011bkde ve skanzenu. Maj\u00ed b\u00fdt sou\u010d\u00e1st\u00ed \u017eiv\u00e9ho m\u011bsta.<\/strong><\/p>\n<p class=\"PDq2pG_selectionAnchorContainer\" data-start=\"156\" data-end=\"807\">A v sobotu to bylo vid\u011bt naplno. Od Nov\u00e9 radnice vyrazil dlouh\u00fd krojovan\u00fd pr\u016fvod p\u0159es centrum a\u017e na n\u00e1m\u011bst\u00ed Svobody. Pohled na stovky krojovan\u00fdch v ulic\u00edch pat\u0159il k nejsiln\u011bj\u0161\u00edm moment\u016fm cel\u00e9ho v\u00edkendu. Vedle sebe \u0161ly chasy z r\u016fzn\u00fdch \u010d\u00e1st\u00ed Brna, ka\u017ed\u00e1 ve sv\u00fdch kroj\u00edch, s vlastn\u00ed histori\u00ed a tradicemi. Pr\u016fvod p\u0159itahoval pozornost v\u0161ude, kudy proch\u00e1zel, lid\u00e9 se zastavovali, fotili, m\u00e1vali a n\u011bkte\u0159\u00ed se k n\u011bmu cestou p\u0159id\u00e1vali. V tu chv\u00edli bylo kr\u00e1sn\u011b vid\u011bt, \u017ee folklor nen\u00ed n\u011bco, za \u010d\u00edm mus\u00ed Br\u0148\u00e1ci jezdit pry\u010d z m\u011bsta. <strong data-start=\"676\" data-end=\"807\">M\u00e1me ho p\u0159\u00edmo doma. A za ka\u017ed\u00fdm krojem jsou p\u0159edev\u0161\u00edm konkr\u00e9tn\u00ed lid\u00e9, kte\u0159\u00ed t\u011bmto tradic\u00edm v\u011bnuj\u00ed obrovsk\u00e9 mno\u017estv\u00ed sv\u00e9ho \u010dasu.<\/strong><\/p>\n<p data-start=\"809\" data-end=\"1322\" data-is-last-node=\"\" data-is-only-node=\"\">Je\u0161t\u011b siln\u011bj\u0161\u00ed okam\u017eik p\u0159i\u0161el na n\u00e1m\u011bst\u00ed Svobody. Kdy\u017e se pod m\u00e1jou rozezn\u011bla Moravsk\u00e1 beseda a des\u00edtky p\u00e1r\u016f ji za\u010daly spole\u010dn\u011b tan\u010dit p\u0159ed zapln\u011bn\u00fdm n\u00e1m\u011bst\u00edm, dostala cel\u00e1 my\u0161lenka Brn\u011bnsk\u00fdch hod\u016f skute\u010dn\u00fd smysl. <strong data-start=\"1023\" data-end=\"1201\">P\u0159esn\u011b kv\u016fli takov\u00fdm okam\u017eik\u016fm jsem cht\u011bl Brn\u011bnsk\u00e9 hody dostat do centra m\u011bsta. Ne jako folklorn\u00ed p\u0159ehl\u00eddku, ale jako \u017eivou tradici, kterou spole\u010dn\u011b tvo\u0159\u00ed lid\u00e9 z cel\u00e9ho Brna.<\/strong> A tou besedou sobotn\u00ed hody zdaleka nekon\u010dily. Se Zla\u0165ankou pokra\u010dovala klasick\u00e1 hodov\u00e1 z\u00e1bava a tan\u010dilo se a\u017e do ve\u010dera.<\/p>\n<h3>Od Obnovy tradic Brn\u011bnska k celom\u011bstsk\u00fdm hod\u016fm<\/h3>\n<p>Prvn\u00ed Brn\u011bnsk\u00e9 hody nevznikly na zelen\u00e9 louce. Jsou pokra\u010dov\u00e1n\u00edm projektu <strong>Obnova tradic Brn\u011bnska<\/strong>, se kter\u00fdm p\u0159i\u0161li Ji\u0159\u00ed Murtinger a Zuzana Janovsk\u00e1 z \u0158e\u010dkovic. Jeho p\u016fvodn\u00ed my\u0161lenka byla jednoduch\u00e1 a z\u00e1rove\u0148 velmi siln\u00e1: vr\u00e1tit jednotliv\u00fdm \u010d\u00e1stem Brna jejich p\u016fvodn\u00ed kroje. \u0158ada dne\u0161n\u00edch m\u011bstsk\u00fdch \u010d\u00e1st\u00ed toti\u017e m\u011bla historicky vlastn\u00ed kroj. V pr\u016fb\u011bhu desetilet\u00ed ale jejich pou\u017e\u00edv\u00e1n\u00ed postupn\u011b mizelo a chasy \u010dasto za\u010daly vyu\u017e\u00edvat p\u016fj\u010den\u00e9 kroje z jin\u00fdch \u010d\u00e1st\u00ed ji\u017en\u00ed Moravy.<\/p>\n<p>Projekt usp\u011bl v participativn\u00edm rozpo\u010dtu D\u00e1me na v\u00e1s a postupn\u011b se za\u010dal roz\u0161i\u0159ovat. Dohled\u00e1valy se historick\u00e9 fotografie a dal\u0161\u00ed prameny. \u0158e\u0161ily se st\u0159ihy, materi\u00e1ly, v\u00fd\u0161ivky i p\u016fvodn\u00ed podoby kroj\u016f. P\u0159id\u00e1valy se dal\u0161\u00ed m\u011bstsk\u00e9 \u010d\u00e1sti a m\u011bsto na obnovu tradic postupn\u011b vy\u010dlenilo v\u00edce ne\u017e 12 milion\u016f korun. Dnes se projekt t\u00fdk\u00e1 p\u0159ibli\u017en\u011b 25 m\u011bstsk\u00fdch \u010d\u00e1st\u00ed. A pr\u00e1v\u011b p\u0159i jeho rozvoji p\u0159i\u0161la dal\u0161\u00ed logick\u00e1 ot\u00e1zka: <strong>Kdy\u017e se n\u00e1m da\u0159\u00ed vracet kroje a tradice do jednotliv\u00fdch \u010d\u00e1st\u00ed Brna, pro\u010d je alespo\u0148 jednou za rok v\u0161echny nespojit?<\/strong> Z t\u00e9to my\u0161lenky postupn\u011b vyrostly Brn\u011bnsk\u00e9 hody.<\/p>\n<p>Kroje jsou kr\u00e1sn\u00e9 a jsou t\u00edm nejviditeln\u011bj\u0161\u00edm v\u00fdsledkem cel\u00e9ho projektu. Jen\u017ee postupem \u010dasu se uk\u00e1zalo, \u017ee to nejd\u016fle\u017eit\u011bj\u0161\u00ed se odehr\u00e1v\u00e1 kolem nich. Za\u010dali se d\u00e1vat dohromady lid\u00e9. O\u017eivily se n\u011bkter\u00e9 chasy. K tradic\u00edm se vrac\u00ed mlad\u00e1 generace. Lid\u00e9 za\u010dali p\u00e1trat po historii sv\u00fdch m\u011bstsk\u00fdch \u010d\u00e1st\u00ed a znovu objevovat v\u011bci, kter\u00e9 u\u017e t\u00e9m\u011b\u0159 zmizely.<\/p>\n<p>A p\u0159esn\u011b v tom vid\u00edm nejv\u011bt\u0161\u00ed smysl projektu Obnova tradic Brn\u011bnska. M\u011bsto m\u016f\u017ee vytvo\u0159it podm\u00ednky, d\u00e1t pen\u00edze a pomoci lidem jejich n\u00e1pady uskute\u010dnit. Ale \u017eivou tradici \u017e\u00e1dn\u00e1 radnice vytvo\u0159it nedok\u00e1\u017ee. <strong>Tu mus\u00ed vytv\u00e1\u0159et samotn\u00e9 chasy.<\/strong> A prvn\u00ed Brn\u011bnsk\u00e9 hody uk\u00e1zaly, kolik takov\u00fdch skv\u011bl\u00fdch chas v Brn\u011b m\u00e1me.<\/p>\n<h3>Jedno Brno, ale spousta r\u016fzn\u00fdch tradic<\/h3>\n<p>Od za\u010d\u00e1tku pro m\u011b bylo d\u016fle\u017eit\u00e9, aby Brn\u011bnsk\u00e9 hody nenahrazovaly hody v jednotliv\u00fdch m\u011bstsk\u00fdch \u010d\u00e1stech. <strong data-start=\"166\" data-end=\"254\">Pr\u00e1v\u011b m\u00edstn\u00ed hody a lid\u00e9, kte\u0159\u00ed je udr\u017euj\u00ed p\u0159i \u017eivot\u011b, jsou z\u00e1kladem cel\u00e9ho p\u0159\u00edb\u011bhu.<\/strong> Brn\u011bnsk\u00e9 hody jim d\u00e1vaj\u00ed jednou spole\u010dn\u00e9 m\u00edsto v centru m\u011bsta, kde se mohou potkat, uk\u00e1zat svoji jedine\u010dnost a spole\u010dn\u011b p\u0159edstavit pestrost tradic cel\u00e9ho Brna.<\/p>\n<p><strong>Nechceme vytvo\u0159it jeden univerz\u00e1ln\u00ed brn\u011bnsk\u00fd kroj ani jednu univerz\u00e1ln\u00ed brn\u011bnskou tradici. Chceme uk\u00e1zat, jak neuv\u011b\u0159iteln\u011b pestr\u00e9 Brno je.<\/strong> A mysl\u00edm, \u017ee prvn\u00ed ro\u010dn\u00edk uk\u00e1zal, \u017ee pr\u00e1v\u011b v tom je nejv\u011bt\u0161\u00ed kr\u00e1sa cel\u00e9 akce.<\/p>\n<p>Cel\u00fd v\u00edkend proto nekon\u010dil sobotn\u00ed z\u00e1bavou. V ned\u011bli se krojovan\u00ed se\u0161li v bazilice Nanebevzet\u00ed Panny Marie na Star\u00e9m Brn\u011b p\u0159i slavnostn\u00ed bohoslu\u017eb\u011b. Ani term\u00edn Brn\u011bnsk\u00fdch hod\u016f nebyl vybran\u00fd n\u00e1hodn\u011b. Nav\u00e1zali jsme jej na sv\u00e1tek Nanebevzet\u00ed Panny Marie, kter\u00e1 je historicky spojena s Brnem a jeho ochranou. Po p\u00e1te\u010dn\u00edm stav\u011bn\u00ed m\u00e1je a sobotn\u00edm pr\u016fvodu, Moravsk\u00e9 besed\u011b a hodov\u00e9 z\u00e1bav\u011b tak p\u0159i\u0161el klidn\u011bj\u0161\u00ed z\u00e1v\u011br. A podle m\u011b k hod\u016fm pat\u0159\u00ed \u00fapln\u011b stejn\u011b. Hody toti\u017e v\u017edycky byly nejen o muzice, v\u00edn\u011b a tanci. Byly p\u0159edev\u0161\u00edm setk\u00e1n\u00edm lid\u00ed a oslavou m\u00edsta, ke kter\u00e9mu pat\u0159\u00ed.<\/p>\n<h3>Nejv\u011bt\u0161\u00ed folklorn\u00ed akce v Brn\u011b. A snad za\u010d\u00e1tek nov\u00e9 tradice<\/h3>\n<p>Kdy\u017e jsme Brn\u011bnsk\u00e9 hody p\u0159ipravovali, v\u011bd\u011bli jsme, \u017ee zkou\u0161\u00edme n\u011bco, co tady je\u0161t\u011b nebylo. Spojit b\u011bhem jednoho v\u00edkendu chasy z v\u011bt\u0161iny m\u011bstsk\u00fdch \u010d\u00e1st\u00ed statut\u00e1rn\u00edho m\u011bsta, p\u0159iv\u00e9st v\u00edce ne\u017e 250 krojovan\u00fdch p\u0159\u00edmo do historick\u00e9ho centra a ud\u011blat ze Svobo\u010f\u00e1ku skute\u010dn\u00e9 hodov\u00e9 n\u00e1m\u011bst\u00ed byl docela odv\u00e1\u017en\u00fd pl\u00e1n.<\/p>\n<p><strong>Prvn\u00ed ro\u010dn\u00edk ale uk\u00e1zal, \u017ee Brno o svoje tradice stoj\u00ed.<\/strong> Bylo to vid\u011bt na zapln\u011bn\u00e9m n\u00e1m\u011bst\u00ed, na lidech lemuj\u00edc\u00edch pr\u016fvod i na obrovsk\u00e9m ohlasu, kter\u00fd Brn\u011bnsk\u00e9 hody vyvolaly na soci\u00e1ln\u00edch s\u00edt\u00edch a v m\u00e9di\u00edch.<\/p>\n<p>A pr\u00e1v\u011b to je pro m\u011b nejv\u011bt\u0161\u00ed radost. Z projektu, kter\u00fd za\u010dal obnovou n\u011bkolika m\u00edstn\u00edch kroj\u016f, se postupn\u011b stala obnova tradic nap\u0159\u00ed\u010d Brnem. A z n\u00ed nakonec vyrostla akce, kter\u00e1 dok\u00e1zala spojit v\u011bt\u0161inu m\u011bstsk\u00fdch \u010d\u00e1st\u00ed na jednom m\u00edst\u011b. To u\u017e nen\u00ed jen folklorn\u00ed program na n\u00e1m\u011bst\u00ed. <strong>Je to uk\u00e1zka toho, \u017ee i ve velk\u00e9m modern\u00edm m\u011bst\u011b mohou m\u00edt m\u00edstn\u00ed tradice svoje pevn\u00e9 m\u00edsto.<\/strong><\/p>\n<p>Za takovou akc\u00ed samoz\u0159ejm\u011b nestoj\u00ed jeden \u010dlov\u011bk. Velk\u00e9 pod\u011bkov\u00e1n\u00ed pat\u0159\u00ed hlavn\u00edm st\u00e1rk\u016fm <strong>Zuzan\u011b Janovsk\u00e9 a Ji\u0159\u00edmu Murtingerovi<\/strong>, kte\u0159\u00ed st\u00e1li u\u017e u zrodu Obnovy tradic Brn\u011bnska a bez jejich energie by cel\u00fd p\u0159\u00edb\u011bh vypadal \u00fapln\u011b jinak. D\u011bkuji v\u0161em st\u00e1rk\u00e1m a st\u00e1rk\u016fm, \u010dlen\u016fm chas, muzikant\u016fm, lidem kolem kroj\u016f, po\u0159adatel\u016fm a v\u0161em ostatn\u00edm, kte\u0159\u00ed v\u011bnovali p\u0159\u00edprav\u00e1m sv\u016fj \u010das. A hlavn\u011b v\u0161em, kte\u0159\u00ed b\u011bhem v\u00edkendu p\u0159i\u0161li.<\/p>\n<p>Kdy\u017e jsem se v sobotu d\u00edval na zapln\u011bn\u00fd Svobo\u010f\u00e1k, m\u00e1ju uprost\u0159ed n\u00e1m\u011bst\u00ed a pod n\u00ed des\u00edtky p\u00e1r\u016f tan\u010d\u00edc\u00edch Moravskou besedu, \u0159\u00edkal jsem si, \u017ee p\u0159esn\u011b kv\u016fli tomuhle m\u011blo smysl Brn\u011bnsk\u00e9 hody d\u00e1t dohromady.<\/p>\n<p><strong>Prvn\u00ed Brn\u011bnsk\u00e9 hody m\u00e1me za sebou. A j\u00e1 v\u011b\u0159\u00edm, \u017ee jsme spole\u010dn\u011b zalo\u017eili tradici, kter\u00e1 bude k Brnu pat\u0159it i v dal\u0161\u00edch letech.<\/strong><\/p>\n","protected":false},"excerpt":{"rendered":"<p>T\u0159iadvacet m\u011bstsk\u00fdch \u010d\u00e1st\u00ed, v\u00edce ne\u017e 250 krojovan\u00fdch, spole\u010dn\u00fd pr\u016fvod centrem m\u011bsta, Moravsk\u00e1 beseda pod m\u00e1jou na n\u00e1m\u011bst\u00ed Svobody a t\u0159i dny pln\u00e9 muziky, tance a tradic. Historicky prvn\u00ed Brn\u011bnsk\u00e9 hody uk\u00e1zaly n\u011bco, co jsme dosud nem\u011bli mo\u017enost vid\u011bt: jak neuv\u011b\u0159iteln\u011b pestr\u00e9 jsou tradice jednotliv\u00fdch \u010d\u00e1st\u00ed Brna, kdy\u017e je dostaneme na jedno m\u00edsto. O v\u00edkendu 14.<\/p>\n","protected":false},"author":6,"featured_media":7082,"comment_status":"open","ping_status":"open","sticky":false,"template":"","format":"standard","meta":{"footnotes":""},"categories":[43],"tags":[],"class_list":["post-7075","post","type-post","status-publish","format-standard","has-post-thumbnail","hentry","category-brno"],"_links":{"self":[{"href":"https:\/\/www.petrborecky.cz\/index.php\/wp-json\/wp\/v2\/posts\/7075","targetHints":{"allow":["GET"]}}],"collection":[{"href":"https:\/\/www.petrborecky.cz\/index.php\/wp-json\/wp\/v2\/posts"}],"about":[{"href":"https:\/\/www.petrborecky.cz\/index.php\/wp-json\/wp\/v2\/types\/post"}],"author":[{"embeddable":true,"href":"https:\/\/www.petrborecky.cz\/index.php\/wp-json\/wp\/v2\/users\/6"}],"replies":[{"embeddable":true,"href":"https:\/\/www.petrborecky.cz\/index.php\/wp-json\/wp\/v2\/comments?post=7075"}],"version-history":[{"count":4,"href":"https:\/\/www.petrborecky.cz\/index.php\/wp-json\/wp\/v2\/posts\/7075\/revisions"}],"predecessor-version":[{"id":7083,"href":"https:\/\/www.petrborecky.cz\/index.php\/wp-json\/wp\/v2\/posts\/7075\/revisions\/7083"}],"wp:featuredmedia":[{"embeddable":true,"href":"https:\/\/www.petrborecky.cz\/index.php\/wp-json\/wp\/v2\/media\/7082"}],"wp:attachment":[{"href":"https:\/\/www.petrborecky.cz\/index.php\/wp-json\/wp\/v2\/media?parent=7075"}],"wp:term":[{"taxonomy":"category","embeddable":true,"href":"https:\/\/www.petrborecky.cz\/index.php\/wp-json\/wp\/v2\/categories?post=7075"},{"taxonomy":"post_tag","embeddable":true,"href":"https:\/\/www.petrborecky.cz\/index.php\/wp-json\/wp\/v2\/tags?post=7075"}],"curies":[{"name":"wp","href":"https:\/\/api.w.org\/{rel}","templated":true}]}}