{"id":7085,"date":"2026-08-25T18:00:34","date_gmt":"2026-08-25T16:00:34","guid":{"rendered":"https:\/\/www.petrborecky.cz\/?p=7085"},"modified":"2026-09-02T16:19:36","modified_gmt":"2026-09-02T14:19:36","slug":"rodaci-letos-jiz-popate","status":"publish","type":"post","link":"https:\/\/www.petrborecky.cz\/index.php\/2026\/08\/25\/rodaci-letos-jiz-popate\/","title":{"rendered":"Rod\u00e1ci &#8211; letos ji\u017e pop\u00e1t\u00e9"},"content":{"rendered":"<p><strong>Setk\u00e1n\u00ed Rod\u00e1ku &#8211; v sobotu 5.9.2026 od 14.30 na \u0159e\u010dkovick\u00e9 radnici<\/strong><br \/>\nAno, letos to bude ji\u017e pop\u00e1t\u00e9 co se uskute\u010dn\u00ed Setk\u00e1n\u00ed nejen rod\u00e1k\u016f, ale i p\u0159\u00edznivc\u016f a p\u0159\u00e1tel \u0158e\u010dkovic a<br \/>\nMokr\u00e9 Hory. My\u0161lenka ale vznikla u\u017e p\u00e1r let p\u0159ed t\u00edm v\u00a0hlav\u00e1ch n\u011bkolika starousedl\u00edk\u016f. Je\u0161t\u011b za sv\u00e9ho<br \/>\n\u017eivota se do t\u00e9to akce cht\u011bl pustit \u010dlov\u011bk, kter\u00fd se v\u00a0\u0158e\u010dkovic\u00edch narodil a pro\u017eil v\u00a0nich cel\u00fd sv\u016fj \u017eivot<br \/>\npan Jan Barton\u011bk. Na sklonku \u017eivota v\u0161ak u\u017e tolik sil nem\u011bl a nebyl nikdo, kdo by se organizace<br \/>\nsetk\u00e1n\u00ed tenkr\u00e1t ujal.<br \/>\nMy\u0161lenka, ale s odchodem pana Barto\u0148ka nezapadla. Jeho dcera Eva ji nosila v\u00a0hlav\u011b jako vzpom\u00ednku<br \/>\nna t\u00e1tu a na jedno z\u00a0jeho posledn\u00edch p\u0159\u00e1n\u00ed, kter\u00e9 u\u017e ale nestihl realizovat. A tak na ja\u0159e 2022 p\u0159i\u0161la<br \/>\ns\u00a0n\u00e1padem toto setk\u00e1n\u00ed uspo\u0159\u00e1dat sama a oslovila m\u011b, jestli bych s\u00a0n\u00ed do toho ne\u0161la. Souhlasila jsem.<br \/>\nS\u00a0Evou se zn\u00e1me dlouho, ob\u011b m\u00e1me na\u0161i m\u011bstskou \u010d\u00e1st r\u00e1dy a ob\u011b r\u00e1dy d\u011bl\u00e1me n\u011bco pro druh\u00e9. To<br \/>\nm\u00e1me asi v genech. Oba na\u0161i t\u00e1tov\u00e9 byli velmi aktivn\u00ed. Pan Barton\u011bk, v\u011bt\u0161ina p\u0159\u00e1tel, kamar\u00e1d\u016f a<br \/>\nzn\u00e1m\u00fdch mu \u0159\u00edkala Honzo, byl velk\u00fd patriot a sportovec \u2013 lehk\u00fd atlet se specializac\u00ed na vrh koul\u00ed. Sport<br \/>\nmiloval, s\u00e1m z\u00e1vodil a d\u011blal rozhod\u010d\u00edho. Jako u\u010ditel t\u011blocviku na \u0161kole Terezy Nov\u00e1kov\u00e9 zavedl<br \/>\natletick\u00fd krou\u017eek pro d\u011bti a s nad\u0161en\u00edm se zapojoval do sportovn\u00edho d\u011bn\u00ed v\u00a0\u0158e\u010dkovic\u00edch. Po roce 1989<br \/>\nse pod\u00edlel na obnovov\u00e1n\u00ed Sokola a v\u00a0roce 1992 na obnoven\u00ed tradice Vav\u0159ineck\u00fdch hod\u016f. M\u016fj t\u00e1ta<br \/>\nV\u00e1clav se zapojoval \u010dasto a r\u00e1d do aktivit v\u00a0\u0159e\u010dkovick\u00e9 farnosti a byl i dlouholet\u00fdm \u010dlenem farn\u00ed rady.<br \/>\nSportovec nebyl, ale vynikal organiza\u010dn\u00edm talentem. Nejd\u0159\u00edve vypom\u00e1hal a pak i s\u00e1m organizoval jako<br \/>\np\u0159edseda Klubu d\u016fchodc\u016f \u0158e\u010dkovic a Mokr\u00e9 hory z\u00e1jezdy po \u010cesk\u00e9 republice. Na jeho v\u017edy pe\u010dliv\u011b<br \/>\np\u0159ipraven\u00fd program dodnes vzpom\u00edn\u00e1 mnoho \u00fa\u010dastn\u00edk\u016f.<br \/>\nDo p\u0159\u00edprav jsme se pustily s\u00a0nad\u0161en\u00edm. Sh\u00e1n\u011bly jsme materi\u00e1ly a informace o podobn\u00fdch aktivit\u00e1ch<br \/>\nv\u00a0jin\u00fdch m\u011bstech a vesnic\u00edch, p\u0159em\u00fd\u0161lely nad programem, nad m\u00edstem, kde by se m\u011bla akce konat,<br \/>\nkter\u00e9 ro\u010dn\u00ed obdob\u00ed zvolit, ud\u011blat setk\u00e1n\u00ed venku nebo uvnit\u0159, v\u00a0jak velk\u00e9m form\u00e1tu, jednodenn\u00ed nebo<br \/>\nv\u00edkendovou, ka\u017ed\u00fd rok nebo jednou za 2 roky, nebo po p\u011bti letech, koho zapojit \u2026? Rozto\u010dil se<br \/>\nkoloto\u010d my\u0161lenek a n\u00e1pad\u016f. T\u0159\u00eddily jsme je, odkl\u00e1daly, zase k\u00a0nim vracely, a tak pomalu skl\u00e1daly<br \/>\njednotliv\u00e9 d\u00edlky k\u00a0sob\u011b. Cel\u00e1 na\u0161e snaha vyvrcholila v\u00a0sobotu 3.z\u00e1\u0159\u00ed 2022, kdy se na farn\u00ed zahrad\u011b<br \/>\nkonal prvn\u00ed ro\u010dn\u00edk. Splnit n\u011bkomu p\u0159\u00e1n\u00ed je kr\u00e1sn\u00fd pocit. Lid\u00e9 sed\u011bli, pov\u00eddali si a vzpom\u00ednali. Ka\u017ed\u00fd<br \/>\nnov\u00fd ro\u010dn\u00edk pak p\u0159in\u00e1\u0161el nov\u00e1 a nov\u00e1 setk\u00e1n\u00ed starousedl\u00edk\u016f, novousedl\u00edk\u016f, prost\u011b v\u0161ech, kte\u0159\u00ed maj\u00ed<br \/>\nk\u00a0\u0158e\u010dkovic\u00edm a Mokr\u00e9 Ho\u0159e n\u011bjak\u00fd vztah. Eva je \u010distokrevn\u00fd starousedl\u00edk, jej\u00ed rodina \u017eije v\u00a0\u0158e\u010dkovic\u00edch<br \/>\nu\u017e n\u011bkolik generac\u00ed. J\u00e1 jsem novousedl\u00edk z roku 1973 \u201en\u00e1plava\u201c, jak mi sd\u011blil jeden n\u00e1v\u0161t\u011bvn\u00edk.<br \/>\nMoji rodi\u010de si tady v\u00a070.letech sv\u00e9pomoc\u00ed postavili byt a p\u0159est\u011bhovali se sem ze \u017didenic.<br \/>\nV\u00a0r\u00e1mci t\u00e9to akce jsme v\u00a0parku na Palack\u00e9ho n\u00e1m\u011bst\u00ed vysadili L\u00edpu rod\u00e1ku a ve spolupr\u00e1ci s\u00a0M\u010c k\u00a0n\u00ed<br \/>\nzasadili pam\u011btn\u00ed k\u00e1men. V\u00a0den kon\u00e1n\u00ed akce k\u00a0n\u011bmu polo\u017e\u00edme kytku jako vzpom\u00ednku na v\u0161echny<br \/>\nz\u00a0\u0158e\u010dkovic a Mokr\u00e9 Hory, kte\u0159\u00ed u\u017e mezi n\u00e1mi nejsou. I na na\u0161e dva t\u00e1ty, kte\u0159\u00ed ode\u0161li t\u00e9m\u011b\u0159 sou\u010dasn\u011b<br \/>\nna podzim roku 2021.<br \/>\nKa\u017ed\u00fd rok se sna\u017e\u00edme p\u0159ipravit zaj\u00edmav\u00fd program, i tentokr\u00e1t tomu nebude jinak. A jeliko\u017e m\u00e1me<br \/>\nletos to p\u016flkulat\u00e9 v\u00fdro\u010d\u00ed, bude program opravu pestr\u00fd. M\u016f\u017eete se mimo jin\u00e9 t\u011b\u0161it na p\u0159edn\u00e1\u0161ku o<br \/>\nnaivistick\u00e9m mal\u00ed\u0159i Janu Hru\u0161kovi, kter\u00fd b\u00fdval vedouc\u00edm dnes u\u017e d\u00e1vno zru\u0161en\u00e9 prodejny drogerie na<br \/>\nrohu Banskobystrick\u00e9 a Ko\u0159ensk\u00e9ho nebo se z\u00fa\u010dastnit Memori\u00e1lu Honzy Barto\u0148ka nebo vyzkou\u0161et<br \/>\nsvoje znalosti o na\u0161\u00ed M\u010c ve Va\u0161kov\u011b kv\u00edzu.<\/p>\n","protected":false},"excerpt":{"rendered":"<p>Setk\u00e1n\u00ed Rod\u00e1ku &#8211; v sobotu 5.9.2026 od 14.30 na \u0159e\u010dkovick\u00e9 radnici Ano, letos to bude ji\u017e pop\u00e1t\u00e9 co se uskute\u010dn\u00ed Setk\u00e1n\u00ed nejen rod\u00e1k\u016f, ale i p\u0159\u00edznivc\u016f a p\u0159\u00e1tel \u0158e\u010dkovic a Mokr\u00e9 Hory. My\u0161lenka ale vznikla u\u017e p\u00e1r let p\u0159ed t\u00edm v\u00a0hlav\u00e1ch n\u011bkolika starousedl\u00edk\u016f. Je\u0161t\u011b za sv\u00e9ho \u017eivota se do t\u00e9to akce cht\u011bl pustit \u010dlov\u011bk, kter\u00fd<\/p>\n","protected":false},"author":6,"featured_media":6944,"comment_status":"open","ping_status":"open","sticky":false,"template":"","format":"standard","meta":{"footnotes":""},"categories":[47],"tags":[],"class_list":["post-7085","post","type-post","status-publish","format-standard","has-post-thumbnail","hentry","category-reckovice"],"_links":{"self":[{"href":"https:\/\/www.petrborecky.cz\/index.php\/wp-json\/wp\/v2\/posts\/7085","targetHints":{"allow":["GET"]}}],"collection":[{"href":"https:\/\/www.petrborecky.cz\/index.php\/wp-json\/wp\/v2\/posts"}],"about":[{"href":"https:\/\/www.petrborecky.cz\/index.php\/wp-json\/wp\/v2\/types\/post"}],"author":[{"embeddable":true,"href":"https:\/\/www.petrborecky.cz\/index.php\/wp-json\/wp\/v2\/users\/6"}],"replies":[{"embeddable":true,"href":"https:\/\/www.petrborecky.cz\/index.php\/wp-json\/wp\/v2\/comments?post=7085"}],"version-history":[{"count":2,"href":"https:\/\/www.petrborecky.cz\/index.php\/wp-json\/wp\/v2\/posts\/7085\/revisions"}],"predecessor-version":[{"id":7099,"href":"https:\/\/www.petrborecky.cz\/index.php\/wp-json\/wp\/v2\/posts\/7085\/revisions\/7099"}],"wp:featuredmedia":[{"embeddable":true,"href":"https:\/\/www.petrborecky.cz\/index.php\/wp-json\/wp\/v2\/media\/6944"}],"wp:attachment":[{"href":"https:\/\/www.petrborecky.cz\/index.php\/wp-json\/wp\/v2\/media?parent=7085"}],"wp:term":[{"taxonomy":"category","embeddable":true,"href":"https:\/\/www.petrborecky.cz\/index.php\/wp-json\/wp\/v2\/categories?post=7085"},{"taxonomy":"post_tag","embeddable":true,"href":"https:\/\/www.petrborecky.cz\/index.php\/wp-json\/wp\/v2\/tags?post=7085"}],"curies":[{"name":"wp","href":"https:\/\/api.w.org\/{rel}","templated":true}]}}