{"id":7089,"date":"2026-08-28T22:42:58","date_gmt":"2026-08-28T20:42:58","guid":{"rendered":"https:\/\/www.petrborecky.cz\/?p=7089"},"modified":"2026-09-01T22:44:27","modified_gmt":"2026-09-01T20:44:27","slug":"sesit-jako-brno-ukaze-mladym-ze-mesto-mohou-ovlivnit-i-oni","status":"publish","type":"post","link":"https:\/\/www.petrborecky.cz\/index.php\/2026\/08\/28\/sesit-jako-brno-ukaze-mladym-ze-mesto-mohou-ovlivnit-i-oni\/","title":{"rendered":"Se\u0161it jako Brno uk\u00e1\u017ee mlad\u00fdm, \u017ee m\u011bsto mohou ovlivnit i oni"},"content":{"rendered":"<p data-start=\"81\" data-end=\"423\">Jak funguje m\u011bsto, pro\u010d n\u011bkter\u00e1 m\u00edsta vypadaj\u00ed tak, jak vypadaj\u00ed, a co m\u016f\u017ee ka\u017ed\u00fd z n\u00e1s ovlivnit? Pr\u00e1v\u011b na tyto ot\u00e1zky hled\u00e1 odpov\u011bdi nov\u00fd vzd\u011bl\u00e1vac\u00ed materi\u00e1l Se\u0161it jako Brno, kter\u00fd p\u0159ipravil Odbor participace Magistr\u00e1tu m\u011bsta Brna. Publikace je ur\u010dena p\u0159edev\u0161\u00edm \u017e\u00e1k\u016fm 8. a 9. t\u0159\u00edd z\u00e1kladn\u00edch \u0161kol, student\u016fm st\u0159edn\u00edch \u0161kol a jejich u\u010ditel\u016fm.<\/p>\n<p data-start=\"425\" data-end=\"629\">Se\u0161it mlad\u00fdm lidem p\u0159ibli\u017euje t\u00e9mata, se kter\u00fdmi se ve m\u011bst\u011b setk\u00e1vaj\u00ed ka\u017ed\u00fd den. V\u011bnuje se urbanismu, doprav\u011b, zm\u011bn\u011b klimatu, zdrav\u00ed, podnikavosti i mo\u017enostem, jak se zapojit do rozhodov\u00e1n\u00ed o sv\u00e9m okol\u00ed.<\/p>\n<p data-start=\"631\" data-end=\"901\">\u201e<em>Mlad\u00ed lid\u00e9 jsou budouc\u00edmi obyvateli i tv\u016frci m\u011bsta. Chceme, aby v\u011bd\u011bli, \u017ee jejich n\u00e1zor m\u00e1 hodnotu a \u017ee mohou aktivn\u011b p\u0159isp\u00edvat k tomu, jak bude Brno vypadat. Se\u0161it jako BRNO je jedn\u00edm z n\u00e1stroj\u016f, jak je k tomu motivovat<\/em>,\u201c uvedl <strong data-start=\"861\" data-end=\"900\">Petr Bo\u0159eck\u00fd, radn\u00ed pro participaci<\/strong>.<\/p>\n<p data-start=\"903\" data-end=\"1184\">Nov\u00e1 publikace z\u00e1rove\u0148 zavr\u0161uje s\u00e9rii vzd\u011bl\u00e1vac\u00edch materi\u00e1l\u016f, kter\u00e9 v posledn\u00edch letech vznikly pro brn\u011bnsk\u00e9 \u0161koly. Na publikaci Brno zbl\u00edzka ur\u010denou d\u011btem na prvn\u00edm stupni z\u00e1kladn\u00edch \u0161kol nav\u00e1zalo Vol\u00e1n\u00ed Brna pro druh\u00fd stupe\u0148. Se\u0161it jako Brno nyn\u00ed oslovuje star\u0161\u00ed \u017e\u00e1ky a studenty.<\/p>\n<p data-start=\"1186\" data-end=\"1421\">V\u0161echny materi\u00e1ly spojuje snaha p\u0159ibl\u00ed\u017eit d\u011btem a mlad\u00fdm lidem m\u011bsto, ve kter\u00e9m \u017eij\u00ed, a uk\u00e1zat jim, \u017ee ve\u0159ejn\u00fd prostor, pl\u00e1nov\u00e1n\u00ed m\u011bsta nebo jeho dal\u0161\u00ed rozvoj nejsou vzd\u00e1len\u00e1 t\u00e9mata. Naopak se p\u0159\u00edmo dot\u00fdkaj\u00ed jejich ka\u017edodenn\u00edho \u017eivota.<\/p>\n<p data-start=\"1423\" data-end=\"1777\">Se\u0161it jako Brno proto nen\u00ed klasickou u\u010debnic\u00ed postavenou na dlouh\u00fdch textech a definic\u00edch. Vede studenty k pozorov\u00e1n\u00ed okol\u00ed, diskusi, pr\u00e1ci s daty, pojmenov\u00e1v\u00e1n\u00ed probl\u00e9m\u016f a hled\u00e1n\u00ed vlastn\u00edch \u0159e\u0161en\u00ed. Praktick\u00e9 \u00fakoly jim p\u0159ibli\u017euj\u00ed nap\u0159\u00edklad m\u011bsto kr\u00e1tk\u00fdch vzd\u00e1lenost\u00ed, udr\u017eitelnou dopravu, adaptaci na zm\u011bnu klimatu, cirkul\u00e1rn\u00ed ekonomiku nebo participaci.<\/p>\n<p data-start=\"1779\" data-end=\"1961\">Sou\u010d\u00e1st\u00ed jsou tak\u00e9 konkr\u00e9tn\u00ed p\u0159\u00edklady p\u0159\u00edmo z Brna. Studenti se mohou setkat nap\u0159\u00edklad s prom\u011bnou Nov\u00e9 Zbrojovky, \u00fapravami n\u00e1b\u0159e\u017e\u00ed Svratky nebo participativn\u00edm rozpo\u010dtem D\u00e1me na v\u00e1s.<\/p>\n<p data-start=\"1963\" data-end=\"2307\">D\u016fle\u017eitou sou\u010d\u00e1st\u00ed publikace je tak\u00e9 rozvoj schopnost\u00ed, kter\u00e9 mlad\u00ed lid\u00e9 vyu\u017eij\u00ed nejen ve \u0161kole. Se\u0161it podporuje spolupr\u00e1ci, kreativitu, kritick\u00e9 p\u0159em\u00fd\u0161len\u00ed i schopnost diskutovat a naslouchat n\u00e1zor\u016fm ostatn\u00edch. Z\u00e1rove\u0148 p\u0159ipom\u00edn\u00e1, \u017ee podobu m\u011bsta netvo\u0159\u00ed pouze politici, \u00fa\u0159edn\u00edci nebo architekti. Sv\u016fj d\u00edl mohou p\u0159idat i lid\u00e9, kte\u0159\u00ed v n\u011bm \u017eij\u00ed.<\/p>\n<p data-start=\"2309\" data-end=\"2531\"><em>\u201eNecht\u011bli jsme vytvo\u0159it dal\u0161\u00ed u\u010debnici. Cht\u011bli jsme p\u0159ipravit se\u0161it, kter\u00fd bude studenty bavit, p\u0159im\u011bje je d\u00edvat se na m\u011bsto jin\u00fdma o\u010dima a uk\u00e1\u017ee jim, \u017ee i mal\u00e9 n\u00e1pady mohou v\u00e9st k velk\u00fdm zm\u011bn\u00e1m,\u201c<\/em> doplnil <strong data-start=\"2514\" data-end=\"2531\">Petr Bo\u0159eck\u00fd.<\/strong><\/p>\n<p data-start=\"2533\" data-end=\"2729\">Autorkou obsahu je Barbora Dvo\u0159\u00e1kov\u00e1, kter\u00e1 se dlouhodob\u011b v\u011bnuje m\u00edstn\u011b ukotven\u00e9mu u\u010den\u00ed a interpretaci m\u00edstn\u00edho d\u011bdictv\u00ed. V\u00fdtvarnou podobu publikace vytvo\u0159il brn\u011bnsk\u00fd ilustr\u00e1tor Tom\u00e1\u0161 Ku\u010derovsk\u00fd.<\/p>\n<p data-start=\"2731\" data-end=\"2872\">Se\u0161it jako Brno vy\u0161el b\u011bhem l\u00e9ta v n\u00e1kladu 1 000 kus\u016f a zdarma zam\u00ed\u0159\u00ed na brn\u011bnsk\u00e9 z\u00e1kladn\u00ed a st\u0159edn\u00ed \u0161koly. K dispozici je tak\u00e9 elektronicky.<\/p>\n<p data-start=\"2874\" data-end=\"2953\" data-is-last-node=\"\" data-is-only-node=\"\"><strong data-start=\"2874\" data-end=\"2899\">Publikace ke sta\u017een\u00ed:<\/strong><br data-start=\"2899\" data-end=\"2902\" \/><a class=\"decorated-link\" href=\"https:\/\/skoly.damenavas.cz\/publikace\/stredni-skoly\/\" target=\"_new\" rel=\"noopener\" data-start=\"2902\" data-end=\"2953\" data-is-last-node=\"\">https:\/\/skoly.damenavas.cz\/publikace\/stredni-skoly\/<\/a><\/p>\n","protected":false},"excerpt":{"rendered":"<p>Jak funguje m\u011bsto, pro\u010d n\u011bkter\u00e1 m\u00edsta vypadaj\u00ed tak, jak vypadaj\u00ed, a co m\u016f\u017ee ka\u017ed\u00fd z n\u00e1s ovlivnit? Pr\u00e1v\u011b na tyto ot\u00e1zky hled\u00e1 odpov\u011bdi nov\u00fd vzd\u011bl\u00e1vac\u00ed materi\u00e1l Se\u0161it jako Brno, kter\u00fd p\u0159ipravil Odbor participace Magistr\u00e1tu m\u011bsta Brna. Publikace je ur\u010dena p\u0159edev\u0161\u00edm \u017e\u00e1k\u016fm 8. a 9. t\u0159\u00edd z\u00e1kladn\u00edch \u0161kol, student\u016fm st\u0159edn\u00edch \u0161kol a jejich u\u010ditel\u016fm. Se\u0161it mlad\u00fdm<\/p>\n","protected":false},"author":6,"featured_media":0,"comment_status":"open","ping_status":"open","sticky":false,"template":"","format":"standard","meta":{"footnotes":""},"categories":[49],"tags":[],"class_list":["post-7089","post","type-post","status-publish","format-standard","hentry","category-tiskova-zprava"],"_links":{"self":[{"href":"https:\/\/www.petrborecky.cz\/index.php\/wp-json\/wp\/v2\/posts\/7089","targetHints":{"allow":["GET"]}}],"collection":[{"href":"https:\/\/www.petrborecky.cz\/index.php\/wp-json\/wp\/v2\/posts"}],"about":[{"href":"https:\/\/www.petrborecky.cz\/index.php\/wp-json\/wp\/v2\/types\/post"}],"author":[{"embeddable":true,"href":"https:\/\/www.petrborecky.cz\/index.php\/wp-json\/wp\/v2\/users\/6"}],"replies":[{"embeddable":true,"href":"https:\/\/www.petrborecky.cz\/index.php\/wp-json\/wp\/v2\/comments?post=7089"}],"version-history":[{"count":1,"href":"https:\/\/www.petrborecky.cz\/index.php\/wp-json\/wp\/v2\/posts\/7089\/revisions"}],"predecessor-version":[{"id":7090,"href":"https:\/\/www.petrborecky.cz\/index.php\/wp-json\/wp\/v2\/posts\/7089\/revisions\/7090"}],"wp:attachment":[{"href":"https:\/\/www.petrborecky.cz\/index.php\/wp-json\/wp\/v2\/media?parent=7089"}],"wp:term":[{"taxonomy":"category","embeddable":true,"href":"https:\/\/www.petrborecky.cz\/index.php\/wp-json\/wp\/v2\/categories?post=7089"},{"taxonomy":"post_tag","embeddable":true,"href":"https:\/\/www.petrborecky.cz\/index.php\/wp-json\/wp\/v2\/tags?post=7089"}],"curies":[{"name":"wp","href":"https:\/\/api.w.org\/{rel}","templated":true}]}}