{"id":7091,"date":"2026-09-01T20:00:22","date_gmt":"2026-09-01T18:00:22","guid":{"rendered":"https:\/\/www.petrborecky.cz\/?p=7091"},"modified":"2026-09-01T22:58:13","modified_gmt":"2026-09-01T20:58:13","slug":"sesit-jako-brno-ukazuje-mladym-ze-mesto-mohou-menit-i-oni","status":"publish","type":"post","link":"https:\/\/www.petrborecky.cz\/index.php\/2026\/09\/01\/sesit-jako-brno-ukazuje-mladym-ze-mesto-mohou-menit-i-oni\/","title":{"rendered":"Se\u0161it jako Brno ukazuje mlad\u00fdm, \u017ee m\u011bsto mohou m\u011bnit i oni"},"content":{"rendered":"<p data-start=\"62\" data-end=\"309\">Jak funguje m\u011bsto, pro\u010d n\u011bkter\u00e1 m\u00edsta vypadaj\u00ed tak, jak vypadaj\u00ed a co v\u0161echno mohou ovlivnit jeho obyvatel\u00e9? Pr\u00e1v\u011b na tyto ot\u00e1zky hled\u00e1 odpov\u011bdi nov\u00fd vzd\u011bl\u00e1vac\u00ed materi\u00e1l <strong data-start=\"232\" data-end=\"251\">Se\u0161it jako Brno<\/strong>, kter\u00fd p\u0159ipravil Odbor participace Magistr\u00e1tu m\u011bsta Brna.<\/p>\n<p data-start=\"311\" data-end=\"627\">Publikace je ur\u010dena p\u0159edev\u0161\u00edm \u017e\u00e1k\u016fm 8. a 9. t\u0159\u00edd z\u00e1kladn\u00edch \u0161kol, student\u016fm st\u0159edn\u00edch \u0161kol a jejich u\u010ditel\u016fm. Mlad\u00fdm lidem p\u0159ibli\u017euje t\u00e9mata, se kter\u00fdmi se ve m\u011bst\u011b setk\u00e1vaj\u00ed ka\u017ed\u00fd den. V\u011bnuje se doprav\u011b, urbanismu, zm\u011bn\u011b klimatu, zdrav\u00ed, podnikavosti i tomu, jak se mohou lid\u00e9 zapojovat do rozhodov\u00e1n\u00ed o sv\u00e9m okol\u00ed.<\/p>\n<p data-start=\"629\" data-end=\"899\">\u201eMlad\u00ed lid\u00e9 jsou budouc\u00edmi obyvateli i tv\u016frci m\u011bsta. Chceme, aby v\u011bd\u011bli, \u017ee jejich n\u00e1zor m\u00e1 hodnotu a \u017ee mohou aktivn\u011b p\u0159isp\u00edvat k tomu, jak bude Brno vypadat. Se\u0161it jako BRNO je jedn\u00edm z n\u00e1stroj\u016f, jak je k tomu motivovat,\u201c uvedl <strong data-start=\"859\" data-end=\"898\">Petr Bo\u0159eck\u00fd, radn\u00ed pro participaci<\/strong>.<\/p>\n<h2 data-section-id=\"17ovasz\" data-start=\"901\" data-end=\"942\">Ne dal\u0161\u00ed u\u010debnice, ale m\u011bsto kolem n\u00e1s<\/h2>\n<p data-start=\"944\" data-end=\"1142\">Se\u0161it jako Brno nen\u00ed postaven\u00fd na dlouh\u00fdch definic\u00edch a pou\u010dk\u00e1ch. M\u00edsto toho vede studenty k tomu, aby se d\u00edvali kolem sebe, v\u0161\u00edmali si probl\u00e9m\u016f, diskutovali o nich a zkou\u0161eli hledat vlastn\u00ed \u0159e\u0161en\u00ed.<\/p>\n<p data-start=\"1144\" data-end=\"1436\">P\u0159i praktick\u00fdch \u00fakolech se mohou zab\u00fdvat nap\u0159\u00edklad t\u00edm, jak daleko maj\u00ed lid\u00e9 k b\u011b\u017en\u00fdm slu\u017eb\u00e1m, jak m\u011bsto reaguje na zm\u011bnu klimatu, jak funguje udr\u017eiteln\u00e1 doprava nebo co znamen\u00e1 cirkul\u00e1rn\u00ed ekonomika. Prostor dost\u00e1v\u00e1 tak\u00e9 participace a mo\u017enosti, jak mohou obyvatel\u00e9 ovliv\u0148ovat m\u00edsto, kde \u017eij\u00ed.<\/p>\n<p data-start=\"1438\" data-end=\"1664\">Nejde p\u0159itom jen o obecn\u00e9 p\u0159\u00edklady. Publikace pracuje p\u0159\u00edmo s Brnem a ukazuje konkr\u00e9tn\u00ed projekty a prom\u011bny na\u0161eho m\u011bsta. Objevuje se v n\u00ed nap\u0159\u00edklad Nov\u00e1 Zbrojovka, nov\u00e9 n\u00e1b\u0159e\u017e\u00ed Svratky nebo participativn\u00ed rozpo\u010det D\u00e1me na v\u00e1s.<\/p>\n<p data-start=\"1666\" data-end=\"1888\">\u201eNecht\u011bli jsme vytvo\u0159it dal\u0161\u00ed u\u010debnici. Cht\u011bli jsme p\u0159ipravit se\u0161it, kter\u00fd bude studenty bavit, p\u0159im\u011bje je d\u00edvat se na m\u011bsto jin\u00fdma o\u010dima a uk\u00e1\u017ee jim, \u017ee i mal\u00e9 n\u00e1pady mohou v\u00e9st k velk\u00fdm zm\u011bn\u00e1m,\u201c doplnil <strong data-start=\"1871\" data-end=\"1887\">Petr Bo\u0159eck\u00fd<\/strong>.<\/p>\n<h2 data-section-id=\"1wjmove\" data-start=\"1890\" data-end=\"1935\">Od nejmlad\u0161\u00edch \u0161kol\u00e1k\u016f a\u017e po st\u0159edo\u0161kol\u00e1ky<\/h2>\n<p data-start=\"1937\" data-end=\"2073\">Se\u0161it jako Brno z\u00e1rove\u0148 zavr\u0161uje s\u00e9rii vzd\u011bl\u00e1vac\u00edch materi\u00e1l\u016f, kter\u00e9 Odbor participace v posledn\u00edch letech p\u0159ipravil pro brn\u011bnsk\u00e9 \u0161koly.<\/p>\n<p data-start=\"2075\" data-end=\"2296\">Pro d\u011bti na prvn\u00edm stupni z\u00e1kladn\u00edch \u0161kol vznikla publikace <strong data-start=\"2135\" data-end=\"2151\">Brno zbl\u00edzka<\/strong>, na kterou nav\u00e1zalo <strong data-start=\"2172\" data-end=\"2187\">Vol\u00e1n\u00ed Brna<\/strong> ur\u010den\u00e9 pro druh\u00fd stupe\u0148. Se\u0161it jako Brno nyn\u00ed posouv\u00e1 stejn\u00e9 t\u00e9ma d\u00e1l a obrac\u00ed se na star\u0161\u00ed \u017e\u00e1ky a studenty.<\/p>\n<p data-start=\"2298\" data-end=\"2510\">Cel\u00e1 s\u00e9rie m\u00e1 spole\u010dn\u00fd c\u00edl. Uk\u00e1zat mlad\u00fdm lidem, \u017ee m\u011bsto nen\u00ed n\u011bco vzd\u00e1len\u00e9ho, o \u010dem rozhoduje n\u011bkdo jin\u00fd. Je to prostor, ve kter\u00e9m ka\u017ed\u00fd den \u017eij\u00ed a kter\u00fd mohou sv\u00fdmi n\u00e1pady, postoji i aktivitou sami ovliv\u0148ovat.<\/p>\n<p data-start=\"2512\" data-end=\"2693\">Publikace z\u00e1rove\u0148 rozv\u00edj\u00ed dovednosti, kter\u00e9 mlad\u00ed lid\u00e9 vyu\u017eij\u00ed i mimo \u0161kolu. Podporuje spolupr\u00e1ci, kreativitu, kritick\u00e9 my\u0161len\u00ed, schopnost diskutovat a naslouchat n\u00e1zor\u016fm ostatn\u00edch.<\/p>\n<p data-start=\"2695\" data-end=\"2915\">Na obsahu Se\u0161itu jako Brno se autorsky pod\u00edlela <strong data-start=\"2743\" data-end=\"2764\">Barbora Dvo\u0159\u00e1kov\u00e1<\/strong>, kter\u00e1 se dlouhodob\u011b v\u011bnuje m\u00edstn\u011b ukotven\u00e9mu u\u010den\u00ed a interpretaci m\u00edstn\u00edho d\u011bdictv\u00ed. O ilustrace se postaral brn\u011bnsk\u00fd v\u00fdtvarn\u00edk <strong data-start=\"2894\" data-end=\"2914\">Tom\u00e1\u0161 Ku\u010derovsk\u00fd<\/strong>.<\/p>\n<p data-start=\"2917\" data-end=\"3058\">Se\u0161it vy\u0161el v l\u00e9t\u011b v n\u00e1kladu 1 000 v\u00fdtisk\u016f a zdarma zam\u00ed\u0159\u00ed na brn\u011bnsk\u00e9 z\u00e1kladn\u00ed a st\u0159edn\u00ed \u0161koly. K dispozici je tak\u00e9 jeho elektronick\u00e1 verze.<\/p>\n<p data-start=\"3060\" data-end=\"3145\"><strong data-start=\"3060\" data-end=\"3091\">Se\u0161it jako Brno ke sta\u017een\u00ed:<\/strong><br data-start=\"3091\" data-end=\"3094\" \/><a class=\"decorated-link\" href=\"https:\/\/skoly.damenavas.cz\/publikace\/stredni-skoly\/\" target=\"_new\" rel=\"noopener\" data-start=\"3094\" data-end=\"3145\">https:\/\/skoly.damenavas.cz\/publikace\/stredni-skoly\/<\/a><\/p>\n<p data-start=\"3147\" data-end=\"3160\" data-is-last-node=\"\" data-is-only-node=\"\"><strong data-start=\"3147\" data-end=\"3160\" data-is-last-node=\"\">Foto: MMB<\/strong><\/p>\n","protected":false},"excerpt":{"rendered":"<p>Jak funguje m\u011bsto, pro\u010d n\u011bkter\u00e1 m\u00edsta vypadaj\u00ed tak, jak vypadaj\u00ed a co v\u0161echno mohou ovlivnit jeho obyvatel\u00e9? Pr\u00e1v\u011b na tyto ot\u00e1zky hled\u00e1 odpov\u011bdi nov\u00fd vzd\u011bl\u00e1vac\u00ed materi\u00e1l Se\u0161it jako Brno, kter\u00fd p\u0159ipravil Odbor participace Magistr\u00e1tu m\u011bsta Brna. Publikace je ur\u010dena p\u0159edev\u0161\u00edm \u017e\u00e1k\u016fm 8. a 9. t\u0159\u00edd z\u00e1kladn\u00edch \u0161kol, student\u016fm st\u0159edn\u00edch \u0161kol a jejich u\u010ditel\u016fm. Mlad\u00fdm lidem<\/p>\n","protected":false},"author":6,"featured_media":7092,"comment_status":"open","ping_status":"open","sticky":false,"template":"","format":"standard","meta":{"footnotes":""},"categories":[43],"tags":[],"class_list":["post-7091","post","type-post","status-publish","format-standard","has-post-thumbnail","hentry","category-brno"],"_links":{"self":[{"href":"https:\/\/www.petrborecky.cz\/index.php\/wp-json\/wp\/v2\/posts\/7091","targetHints":{"allow":["GET"]}}],"collection":[{"href":"https:\/\/www.petrborecky.cz\/index.php\/wp-json\/wp\/v2\/posts"}],"about":[{"href":"https:\/\/www.petrborecky.cz\/index.php\/wp-json\/wp\/v2\/types\/post"}],"author":[{"embeddable":true,"href":"https:\/\/www.petrborecky.cz\/index.php\/wp-json\/wp\/v2\/users\/6"}],"replies":[{"embeddable":true,"href":"https:\/\/www.petrborecky.cz\/index.php\/wp-json\/wp\/v2\/comments?post=7091"}],"version-history":[{"count":1,"href":"https:\/\/www.petrborecky.cz\/index.php\/wp-json\/wp\/v2\/posts\/7091\/revisions"}],"predecessor-version":[{"id":7093,"href":"https:\/\/www.petrborecky.cz\/index.php\/wp-json\/wp\/v2\/posts\/7091\/revisions\/7093"}],"wp:featuredmedia":[{"embeddable":true,"href":"https:\/\/www.petrborecky.cz\/index.php\/wp-json\/wp\/v2\/media\/7092"}],"wp:attachment":[{"href":"https:\/\/www.petrborecky.cz\/index.php\/wp-json\/wp\/v2\/media?parent=7091"}],"wp:term":[{"taxonomy":"category","embeddable":true,"href":"https:\/\/www.petrborecky.cz\/index.php\/wp-json\/wp\/v2\/categories?post=7091"},{"taxonomy":"post_tag","embeddable":true,"href":"https:\/\/www.petrborecky.cz\/index.php\/wp-json\/wp\/v2\/tags?post=7091"}],"curies":[{"name":"wp","href":"https:\/\/api.w.org\/{rel}","templated":true}]}}